{"id":507,"date":"2018-03-05T12:21:20","date_gmt":"2018-03-05T10:21:20","guid":{"rendered":"http:\/\/www.soniasodano.it\/wp1\/?p=507"},"modified":"2018-03-05T12:21:50","modified_gmt":"2018-03-05T10:21:50","slug":"elezioni-2018-dalla-debacle-del-nazareno-allincubo-del-carroccio-pentastellato","status":"publish","type":"post","link":"https:\/\/www.soniasodano.it\/wp1\/2018\/03\/05\/elezioni-2018-dalla-debacle-del-nazareno-allincubo-del-carroccio-pentastellato\/","title":{"rendered":"Elezioni 2018, dalla d\u00e9bacle del Nazareno all&#8217;incubo del Carroccio Pentastellato"},"content":{"rendered":"<p>C&#8217;\u00e8 chi si merita una bandiera stelle e strisce e chi un Carroccio Pentastellato. Questa \u00e8 l&#8217;Italia. Divisa in due sulla politica come su ogni altra cosa. Non c&#8217;\u00e8 ancora nulla di certo e qualcuno grida gi\u00e0 al ritorno alle urne. Ma di qualcosa s\u00ec, sono convinta: un&#8217; ipotetica maggioranza M5s-Lega sarebbe la pi\u00f9 antieuropeista, considerato che nell&#8217;Europarlamento M5s sta con Farage e la Lega con Front National e Fpoe.<\/p>\n<blockquote class=\"twitter-tweet\" data-width=\"550\" data-dnt=\"true\">\n<p lang=\"fr\" dir=\"ltr\">La progression spectaculaire et l&#39;arriv\u00e9e en t\u00eate de la coalition de La Ligue emmen\u00e9e par notre alli\u00e9 et ami <a href=\"https:\/\/twitter.com\/matteosalvinimi?ref_src=twsrc%5Etfw\">@matteosalvinimi<\/a> est une nouvelle \u00e9tape du r\u00e9veil des peuples !<br \/>Chaleureuses f\u00e9licitations ! \ud83d\udc4f\ud83c\udffb MLP<a href=\"https:\/\/twitter.com\/hashtag\/Elezioni2018?src=hash&amp;ref_src=twsrc%5Etfw\">#Elezioni2018<\/a> <a href=\"https:\/\/twitter.com\/hashtag\/Italie?src=hash&amp;ref_src=twsrc%5Etfw\">#Italie<\/a>\ud83c\uddee\ud83c\uddf9<\/p>\n<p>&mdash; Marine Le Pen (@MLP_officiel) <a href=\"https:\/\/twitter.com\/MLP_officiel\/status\/970543323919372288?ref_src=twsrc%5Etfw\">March 5, 2018<\/a><\/p><\/blockquote>\n<p><script async src=\"https:\/\/platform.twitter.com\/widgets.js\" charset=\"utf-8\"><\/script><\/p>\n<p>All&#8217;indomani dell&#8217;elezioni emblematiche del 4 marzo i bilanci sono evidenti: Movimento 5 Stelle \u00e8 il primo partito e centrodestra prima coalizione. Non vanno bene nei collegi uninominali i potenziali ministri M5s. Alfonso Bonafede, candidato alla Giustizia, e&#8217; solo terzo nel collegio di Firenze Peretola Camera. Paola Giannetakis, candidata all&#8217;Interno, e&#8217; solo terza nel collegio di Perugia Camera. I perdenti nei collegi uninominali potrebbero entrare in Parlamento con il plurinominale. Questo vale, ad esempio, per Minniti, Bonafede, Pinotti e Franceschini.\u00a0A fare da cornice tutti gli altri rivali compreso il Pd che sceglie la via del silenzio a margine di una sconfitta storica che pesa come un macigno. Ma del resto chi si aspettava un risultato diverso per Matteo Renzi?\u00a0Il leader del Partito democratico respinge l\u2019ipotesi di andare al governo con il Movimento 5 stelle:<\/p>\n<h6><em>\u00abAbbiamo gi\u00e0 pagato con dieci punti di calo la responsabilit\u00e0 di questi mesi. Non pagheremo ancora.&gt;&gt;<\/em><\/h6>\n<p>Per lui la notte del voto \u00e8 stata la pi\u00f9 dura dopo quella del referendum del 4 dicembre 2016, che fece seguire le sue dimissioni da Premier. Al Nazaremo gi\u00e0 si pensa a correre ai ripari, studiare una &#8220;exit strategy&#8221; (visto che ci piacciono cos\u00ec tanto le parole in inglese).\u00a0\u00a0In molti a questo punto guardano a Paolo Gentiloni come al possibile leader in questa inevitabile fase di transizione del Pd. Altri pensano a Walter Veltroni.<\/p>\n<p>Ma il vero problema di questa &#8220;nuova&#8221; Italia \u00e8 il rebus della maggioranza, con tutto il rispetto per la d\u00e9bacle del Pd.\u00a0Il centrodestra non avr\u00e0 da solo la maggioranza. Lo stesso vale per M5s e centrosinistra.\u00a0 I pentastellati sono il primo partito e, inevitabilmente, perno del Parlamento. Otterrebbero la maggioranza se si alleassero con Lega e\/o FI oppure con il Pd. Al di l\u00e0 dell&#8217;ipotesi M5s-Lega, ci sarebbe quella di un nuovo Governo tecnico sostenuto da centrodestra e centrosinistra. In questo caso il Movimento cinque stelle sarebbe non determinante. Ma ci sono molteplici soluzioni. Tipo? Una eventuale alleanza tra M5s e Leu che, per\u00f2, non avrebbe la maggioranza in Parlamento. E torna l&#8217;incognita.<\/p>\n<blockquote class=\"twitter-tweet\" data-width=\"550\" data-dnt=\"true\">\n<p lang=\"it\" dir=\"ltr\">La mia prima parola: GRAZIE! <a href=\"https:\/\/t.co\/DRXiWVAHQp\">pic.twitter.com\/DRXiWVAHQp<\/a><\/p>\n<p>&mdash; Matteo Salvini (@matteosalvinimi) <a href=\"https:\/\/twitter.com\/matteosalvinimi\/status\/970433034448187392?ref_src=twsrc%5Etfw\">March 4, 2018<\/a><\/p><\/blockquote>\n<p><script async src=\"https:\/\/platform.twitter.com\/widgets.js\" charset=\"utf-8\"><\/script><\/p>\n<h6>E Salvini?<\/h6>\n<p>Direi che il vero ad uscirne vittorioso \u00e8 lui. Nessuno prima, con la Lega, aveva osato tanto. Siamo onesti, il mantra: <em>&#8220;Gli stranieri ci rubano il lavoro!&#8221;<\/em>, \u00e8 servito e come a racimolare quei voti che dal Sud altrimenti non sarebbero mai arrivati. Certo ha fatto il suo anche la &#8220;furbata&#8221; di cambiare il nome da &#8220;Lega Nord&#8221; a semplicemente &#8220;Lega&#8221;. Del resto lo sappiamo tutti che l&#8217;italiano medio ha la memoria corta. Troppo corta per ricordare che alle spalle di questo Carroccio c&#8217;\u00e8 sempre Bossi, il protagonista dello scandalo del 2012\u00a0\u00a0nella distrazione di fondi del partito a favore della sua famiglia. Non sono io a dirlo, ma lo stesso Matteo, che si dice riconoscente verso il fondatore del suo partito.<\/p>\n<p>Beh, dunque, che si fa? Dopo l&#8217;elezione di Trump al potere Usa, credo che questa sia la seconda catastrofe politica dei giorni nostri. Accomodiamoci pure, come abbiamo sempre fatto, sui nostri allori immaginari e godiamoci lo spettacolo. Se questo fosse un film sarebbe &#8220;Il disfacimento del futuro&#8221;. La colpa? E&#8217; nostra, di elettori e politici. La colpa \u00e8 dell&#8217;Italia.<\/p>\n<p>Auguri italiani e complimenti a tutti noi!<\/p>\n<p>&nbsp;<\/p>\n<p>&nbsp;<\/p>\n","protected":false},"excerpt":{"rendered":"<p>C&#8217;\u00e8 chi si merita una bandiera stelle e strisce e chi un Carroccio Pentastellato. Questa \u00e8 l&#8217;Italia. Divisa in due sulla politica come su ogni altra cosa. Non c&#8217;\u00e8 ancora nulla di certo e qualcuno grida gi\u00e0 al ritorno alle&hellip; <a href=\"https:\/\/www.soniasodano.it\/wp1\/2018\/03\/05\/elezioni-2018-dalla-debacle-del-nazareno-allincubo-del-carroccio-pentastellato\/\" class=\"more-link\">Continue Reading <span class=\"meta-nav\">&rarr;<\/span><\/a><\/p>\n","protected":false},"author":1,"featured_media":511,"comment_status":"open","ping_status":"open","sticky":false,"template":"","format":"standard","meta":{"_exactmetrics_skip_tracking":false,"footnotes":""},"categories":[7,1],"tags":[188,186,187,182,184,183,185],"_links":{"self":[{"href":"https:\/\/www.soniasodano.it\/wp1\/wp-json\/wp\/v2\/posts\/507"}],"collection":[{"href":"https:\/\/www.soniasodano.it\/wp1\/wp-json\/wp\/v2\/posts"}],"about":[{"href":"https:\/\/www.soniasodano.it\/wp1\/wp-json\/wp\/v2\/types\/post"}],"author":[{"embeddable":true,"href":"https:\/\/www.soniasodano.it\/wp1\/wp-json\/wp\/v2\/users\/1"}],"replies":[{"embeddable":true,"href":"https:\/\/www.soniasodano.it\/wp1\/wp-json\/wp\/v2\/comments?post=507"}],"version-history":[{"count":2,"href":"https:\/\/www.soniasodano.it\/wp1\/wp-json\/wp\/v2\/posts\/507\/revisions"}],"predecessor-version":[{"id":513,"href":"https:\/\/www.soniasodano.it\/wp1\/wp-json\/wp\/v2\/posts\/507\/revisions\/513"}],"wp:featuredmedia":[{"embeddable":true,"href":"https:\/\/www.soniasodano.it\/wp1\/wp-json\/wp\/v2\/media\/511"}],"wp:attachment":[{"href":"https:\/\/www.soniasodano.it\/wp1\/wp-json\/wp\/v2\/media?parent=507"}],"wp:term":[{"taxonomy":"category","embeddable":true,"href":"https:\/\/www.soniasodano.it\/wp1\/wp-json\/wp\/v2\/categories?post=507"},{"taxonomy":"post_tag","embeddable":true,"href":"https:\/\/www.soniasodano.it\/wp1\/wp-json\/wp\/v2\/tags?post=507"}],"curies":[{"name":"wp","href":"https:\/\/api.w.org\/{rel}","templated":true}]}}